{"id":4080,"date":"2011-12-05T20:38:11","date_gmt":"2011-12-05T20:38:11","guid":{"rendered":"http:\/\/blog.topinmobiliario.com\/?p=4080"},"modified":"2012-04-13T20:36:06","modified_gmt":"2012-04-13T20:36:06","slug":"abren-una-playa-subterranea-en-recoleta-para-410-autos","status":"publish","type":"post","link":"http:\/\/blog.topinmobiliario.com\/index.php\/abren-una-playa-subterranea-en-recoleta-para-410-autos\/","title":{"rendered":"Abren una playa subterr\u00e1nea en Recoleta para 410 autos"},"content":{"rendered":"<p><strong>La norma contempla 13 de este tipo de garajes. La que inauguran  el lunes est\u00e1 bajo la plaza Mitre, que sum\u00f3 350 m2 de espacios verdes.  Para facilitar el estacionamiento en la zona, hay 100 plazas para  vecinos. La primera de un plan aprobado por ley en 2000.<\/strong><\/p>\n<div>\n<p><!--more-->Nacieron por ley en 2000 con la idea de \u201cdisuadir\u201d a los  conductores a no ingresar con el auto al Centro. Once a\u00f1os despu\u00e9s, el  Gobierno porte\u00f1o abrir\u00e1 el lunes bajo la plaza Mitre en Las Heras y  Pueyrred\u00f3n la primera de las 13 playas subterr\u00e1neas de estacionamiento que determinaba la norma.<\/p>\n<p>Claro  que tras tanto tiempo y con el constante crecimiento del parque  automotor y sus consecuencias en el tr\u00e1nsito porte\u00f1o, el objetivo parece  haber cambiado. Y si bien en la Ciudad la sigue llamando playa  \u201cdisuasoria\u201d, parece m\u00e1s destinada a solucionar la falta de estacionamiento , en este caso en Recoleta.<\/p>\n<p><img loading=\"lazy\" class=\"alignleft size-full wp-image-4081\" title=\"Abren una playa subterr\u00e1nea en Recoleta para 410 autos\" src=\"http:\/\/blog.topinmobiliario.com\/wp-content\/uploads\/2011\/12\/ENTRADAS-PUEYRREDON-MEJORAS-INVERSION-MILLONES_CLAIMA20111103_0070_19.jpg\" alt=\"\" width=\"750\" height=\"498\" srcset=\"http:\/\/blog.topinmobiliario.com\/wp-content\/uploads\/2011\/12\/ENTRADAS-PUEYRREDON-MEJORAS-INVERSION-MILLONES_CLAIMA20111103_0070_19.jpg 750w, http:\/\/blog.topinmobiliario.com\/wp-content\/uploads\/2011\/12\/ENTRADAS-PUEYRREDON-MEJORAS-INVERSION-MILLONES_CLAIMA20111103_0070_19-300x199.jpg 300w\" sizes=\"(max-width: 706px) 89vw, (max-width: 767px) 82vw, 740px\" \/>De hecho, la playa que abre el lunes tendr\u00e1 capacidad total para 410 autos , y de ese total, unas cien plazas estar\u00e1n reservadas para los vecinos  de la zona. La obra hab\u00eda arrancado en junio de 2010 pero fue frenada  por la Justicia tras un reclamo de los vecinos por el arbolado de la  plaza. Finalmente, el espacio termin\u00f3 ganando 350 m2 de verde y m\u00e1s especies.<\/p>\n<p>El nuevo estacionamiento ocupa 11.500 m2 repartidos en dos subsuelos y tiene <strong>entradas sobre Las Heras y Pacheco de Melo<\/strong> , y un ascensor para personas con movilidad reducida. Desde el  Ministerio de Desarrollo Urbano precisaron que la playa no ser\u00e1 usada  como dep\u00f3sito de autos removidos o acarreados y explicaron que las  tarifas ser\u00e1n las mismas que hoy hay en el mercado. Seg\u00fan adelantaron,  ya hay unas 100 cocheras que fueron pedidas por los vecinos del barrio,  que tienen prioridad para reservar una plaza que tendr\u00e1 la misma tarifa  que el resto. El tr\u00e1mite se hace en el CGPC N\u00ba 2, en Uriburu 1022, y  queda a consideraci\u00f3n seg\u00fan las necesidades y los horarios requeridos.  La administraci\u00f3n de la playa quedar\u00e1 a cargo de la empresa Criba, que  invirti\u00f3 $ 23 millones en la obra y tendr\u00e1 la concesi\u00f3n del negocio por  20 a\u00f1os.<\/p>\n<p>El Gobierno porte\u00f1o apunta a solucionar la falta de  espacio para estacionar en el barrio, pero insiste con el la idea de  regular el ingreso de veh\u00edculos particulares al Centro. \u201cLo m\u00e1s  importante es que la gente va a poder dejar el auto aqu\u00ed para conectar  con otros medios de transporte. Por ahora con el colectivo, pero en un  tiempo tambi\u00e9n con el subte H , que llegar\u00e1 en unos a\u00f1os con la nueva estaci\u00f3n Las Heras\u201d, evalu\u00f3 el ministro de Desarrollo Urbano, Daniel Cha\u00edn.<\/p>\n<p>Los trabajos en esa manzana, delimitada por Las Heras, Cantilo, Pacheco de Melo y Pueyrred\u00f3n, duraron un a\u00f1o y cuatro meses . La idea era terminarlos en agosto, pero la suspensi\u00f3n impuesta por el  entonces juez Roberto Gallardo tras un amparo de vecinos nucleados en  las asociaciones Amigos de la Avenida Pueyrred\u00f3n y No al Parqu\u00edmetro en  reclamo por el arbolado, la mantuvo demorada durante poco m\u00e1s de un mes.<\/p>\n<p>En rigor, la obra oblig\u00f3 a reconstruir toda la plaza .  Pero la intervenci\u00f3n termin\u00f3 benefici\u00e1ndola. Hoy, ya est\u00e1 lista y con  sus espacios reconstruidos. La calesita, la \u00fanica de la Ciudad que est\u00e1  en manos de una mujer, y que est\u00e1 en pie en el mismo lugar desde hace  m\u00e1s de 47 a\u00f1os, sum\u00f3 una estructura de hormig\u00f3n un dep\u00f3sito y un ba\u00f1o.  Los juegos tambi\u00e9n se mejoraron (ahora tienen un piso) y hasta se  delimit\u00f3 un sector con antiguos adoquines de madera que fueron  encontrados bajo el asfalto de Cantilo, la calle que hasta hace poco  separaba la plaza de la antigua sede de la Facultad de Ingenier\u00eda, y que  ahora fue integrada al paseo.<\/p>\n<p>El paisaje tambi\u00e9n se mejor\u00f3:  seg\u00fan explicaron en la empresa CRIBA hubo un equipo de expertos que  trabajaron para redise\u00f1ar el espacio seg\u00fan \u00e1rboles y plantas. \u201cEn el  nuevo trazado se incorporaron 300 m2 de \u00e1reas verdes y otros 50 m2 al  sector de juegos. Tambi\u00e9n se agregaron 45 ejemplares de \u00e1rboles y se  repusieron canteros de arbustos y herb\u00e1ceas\u201d, detallaron. En el  recambio, se retiraron un gomero y un fresno que estaban en mal estado y se trasplantaron 5 pl\u00e1tanos a otro sector. Ahora, las nuevas  especies son cresp\u00f3n, lluvia de oro, pezu\u00f1a de vaca y pezu\u00f1a de vaca  rosada. Pero el impacto m\u00e1s grande lo dar\u00e1n dos lapachos rosados que  fueron tra\u00eddos de distintas provincias y que ya muestran sus primeros  brotes. La idea es llenen de flores rosadas todo el centro del parque.<\/p>\n<p><strong>Publicado por Clarin, 3 de noviembre de 2011.<\/strong><\/p>\n<\/div>\n","protected":false},"excerpt":{"rendered":"<p>La norma contempla 13 de este tipo de garajes. La que inauguran el lunes est\u00e1 bajo la plaza Mitre, que sum\u00f3 350 m2 de espacios verdes. Para facilitar el estacionamiento en la zona, hay 100 plazas para vecinos. La primera de un plan aprobado por ley en 2000.<\/p>\n","protected":false},"author":1,"featured_media":4081,"comment_status":"open","ping_status":"open","sticky":false,"template":"","format":"standard","meta":[],"categories":[124,5],"tags":[],"_links":{"self":[{"href":"http:\/\/blog.topinmobiliario.com\/index.php\/wp-json\/wp\/v2\/posts\/4080"}],"collection":[{"href":"http:\/\/blog.topinmobiliario.com\/index.php\/wp-json\/wp\/v2\/posts"}],"about":[{"href":"http:\/\/blog.topinmobiliario.com\/index.php\/wp-json\/wp\/v2\/types\/post"}],"author":[{"embeddable":true,"href":"http:\/\/blog.topinmobiliario.com\/index.php\/wp-json\/wp\/v2\/users\/1"}],"replies":[{"embeddable":true,"href":"http:\/\/blog.topinmobiliario.com\/index.php\/wp-json\/wp\/v2\/comments?post=4080"}],"version-history":[{"count":3,"href":"http:\/\/blog.topinmobiliario.com\/index.php\/wp-json\/wp\/v2\/posts\/4080\/revisions"}],"predecessor-version":[{"id":4084,"href":"http:\/\/blog.topinmobiliario.com\/index.php\/wp-json\/wp\/v2\/posts\/4080\/revisions\/4084"}],"wp:featuredmedia":[{"embeddable":true,"href":"http:\/\/blog.topinmobiliario.com\/index.php\/wp-json\/wp\/v2\/media\/4081"}],"wp:attachment":[{"href":"http:\/\/blog.topinmobiliario.com\/index.php\/wp-json\/wp\/v2\/media?parent=4080"}],"wp:term":[{"taxonomy":"category","embeddable":true,"href":"http:\/\/blog.topinmobiliario.com\/index.php\/wp-json\/wp\/v2\/categories?post=4080"},{"taxonomy":"post_tag","embeddable":true,"href":"http:\/\/blog.topinmobiliario.com\/index.php\/wp-json\/wp\/v2\/tags?post=4080"}],"curies":[{"name":"wp","href":"https:\/\/api.w.org\/{rel}","templated":true}]}}