{"id":4092,"date":"2011-12-12T16:24:59","date_gmt":"2011-12-12T16:24:59","guid":{"rendered":"http:\/\/blog.topinmobiliario.com\/?p=4092"},"modified":"2011-12-20T17:00:24","modified_gmt":"2011-12-20T17:00:24","slug":"lomas-de-zamora-nueva-vida-para-el-comercio","status":"publish","type":"post","link":"http:\/\/blog.topinmobiliario.com\/index.php\/lomas-de-zamora-nueva-vida-para-el-comercio\/","title":{"rendered":"Lomas de Zamora: Nueva vida para el comercio"},"content":{"rendered":"<p><strong>La zona c\u00e9ntrica fue mejorada y renovada para darles impulso a los  locales; con ocupaci\u00f3n casi plena, los espacios son muy demandados.<\/strong><\/p>\n<p><!--more-->Sin duda, Lomas de Zamora tiene una marcada  importancia como uno de los principales polos comerciales de la zona  sur. De los 150 a\u00f1os que est\u00e1 celebrando el municipio lomense, las  \u00faltimas cinco d\u00e9cadas resultaron fundamentales para el crecimiento de su  centro comercial, que fue bien denominado como shopping a cielo abierto  por iniciativa de las autoridades municipales y de la C\u00e1mara de  Comercio e Industria, que lo aggiornaron para que los comerciantes  compitieran con los shoppings que se instalaron en el distrito.<\/p>\n<p>Muestra de esto son los baldosones y las plantas que se  instalaron sobre la peatonal Laprida, y el remozamiento de la calzada y  las veredas que se aplicaron en la calle Boedo, adem\u00e1s de las farolas en  todo el radio comprendido por Meeks, Boedo y Mitre hasta la avenida  Yrigoyen.<\/p>\n<p>El mercado de inmuebles presenta una oferta que es escasa  ante una demanda que crece en forma sostenida en el sector central, ya  que la densidad de poblaci\u00f3n es cada vez m\u00e1s importante con los  desarrollos inmobiliarios. &#8220;Tanto es as\u00ed que las principales marcas de  indumentaria y gastronom\u00eda se est\u00e1n instalando en lo que llamamos la  zona de Las Lomitas, ampliando el radio comercial&#8221;, explic\u00f3 Nicol\u00e1s  Comito, uno de los socios de Comito Propiedades.<\/p>\n<p>Esto lleva, tambi\u00e9n, a que nuevos comercios se incorporen  al oeste de la avenida Yrigoyen, que hasta hace un tiempo &#8220;era una  especie de barrera, ya que el p\u00fablico no se animaba a cruzarla; ahora el  movimiento es interesante, con un crecimiento edilicio que se extiende  hasta Monse\u00f1or Piaggio, por lo que hay mayor demanda de servicios y por  eso nosotros hace dos a\u00f1os abrimos la pizzer\u00eda y restaurante La  Quintana, en Manuel Castro y Laprida -donde \u00e9sta ya no es peatonal-,  reciclando el arquitect\u00f3nico edificio que ten\u00eda el banco Quilmes  -explic\u00f3 Daniel Calz\u00f3n, uno de los socios del local gastron\u00f3mico de tres  pisos-. M\u00e1s all\u00e1 de algunos bajones en las ventas, nuestras  expectativas se cumplen con \u00e9xito&#8221;. A este sector algunos lo denominan  Lomas Nuevo para diferenciarlo de Las Lomitas, que surgi\u00f3 en 1999.<\/p>\n<p>Los pocos locales disponibles se alquilan  autom\u00e1ticamente; por eso, Reynaldo Rajmilevich, titular de Habitar  Propiedades, coment\u00f3: &#8220;Las inmobiliarias tenemos lista de espera para  locales que se desocupen, aunque en Laprida la mayor\u00eda siempre renueva  sus contratos, que son por tres a\u00f1os con un reajuste del 20 al 25% anual  debido a que no est\u00e1 permitida la indexaci\u00f3n por inflaci\u00f3n&#8221;.<\/p>\n<p>Los valores son muy dispares porque se tienen en cuenta  la ubicaci\u00f3n, la dimensi\u00f3n y la cercan\u00eda a Laprida, coraz\u00f3n del centro  comercial. Sobre esta arteria, &#8220;en las dos primeras cuadras m\u00e1s cercanas  a la estaci\u00f3n se encuentran los valores m\u00e1s altos; por ejemplo, un  local de 3 metros de frente por 10 de fondo ronda los 15.000 pesos  mensuales de alquiler; en cambio, en Las Lomitas bajan hasta un 40%&#8221;,  explic\u00f3 Rajmilevich. Los m\u00e1s econ\u00f3micos rondan los 2000 pesos, con  dimensiones muy reducidas y a un par de cuadras de Laprida.<\/p>\n<p>\u00bfPor qu\u00e9 tanto \u00e9xito? Lo explic\u00f3 Ana G\u00f3mez, responsable  de Est\u00e9tica Anibell: &#8220;Lomas es muy particular, a diario confluyen miles  de personas de localidades de la zona sur que viajan en colectivo hasta  la estaci\u00f3n para tomar el tren a la Capital&#8221;. Y luego hizo una  comparaci\u00f3n: &#8220;Mi primer sal\u00f3n lo abr\u00ed en Recoleta, donde no rindi\u00f3  demasiado porque el p\u00fablico es m\u00e1s selectivo; aqu\u00ed es m\u00e1s consumidor y  pese a estar en un primer piso sobre la calle Boedo, en un a\u00f1o not\u00e9 un  interesante crecimiento que cubre mis expectativas&#8221;.<\/p>\n<p>Carlos Caizza, titular de la inmobiliaria hom\u00f3nima,  coment\u00f3 otros aspectos: &#8220;En forma excepcional hay propietarios que  exigen percibir un importe por el concepto de llaves, por alg\u00fan local de  Laprida o de la galer\u00eda Oliver, aunque esto ya no se estila. En cuanto a  inversores, siempre los hay para adquirir locales o propiedades para  reformarlas con sentido comercial, aunque \u00faltimamente la mayor\u00eda se  inclina por los inmuebles habitacionales&#8221;.<\/p>\n<p>En este sentido, Comito manifest\u00f3: &#8220;Mucha gente est\u00e1  interesada en adquirir locales, pero hay muy pocos a la venta y sus  valores promedio est\u00e1n en un rango de entre 1000 y 5000 d\u00f3lares por m2.  En Las Lomitas a\u00fan se pueden encontrar propiedades para transformarlas  en locales o en desarrollos de viviendas&#8221;.<\/p>\n<p><img loading=\"lazy\" class=\"alignleft size-full wp-image-4093\" title=\"Nueva vida para el comercio\" src=\"http:\/\/blog.topinmobiliario.com\/wp-content\/uploads\/2011\/12\/Image11.jpg\" alt=\"\" width=\"944\" height=\"632\" srcset=\"http:\/\/blog.topinmobiliario.com\/wp-content\/uploads\/2011\/12\/Image11.jpg 944w, http:\/\/blog.topinmobiliario.com\/wp-content\/uploads\/2011\/12\/Image11-300x200.jpg 300w\" sizes=\"(max-width: 767px) 89vw, (max-width: 1000px) 54vw, (max-width: 1071px) 543px, 580px\" \/>En referencia a las habilitaciones municipales, tanto  Comito como G\u00f3mez y Calz\u00f3n coincidieron: &#8220;El municipio es muy prolijo,  por lo que no son engorrosas y se facilita todo el tr\u00e1mite&#8221;. Sin  embargo, Calz\u00f3n agreg\u00f3: &#8220;Lo que molesta son las tasas muy altas, m\u00e1s que  en Buenos Aires y similares a las de Vicente L\u00f3pez&#8221;.<\/p>\n<p><strong>Juan Manuel Raimundo,21 de noviembre de 2011.<br \/>\nPublicado por La Naci\u00f3n.<\/strong><\/p>\n","protected":false},"excerpt":{"rendered":"<p>La zona c\u00e9ntrica fue mejorada y renovada para darles impulso a los locales; con ocupaci\u00f3n casi plena, los espacios son muy demandados.<\/p>\n","protected":false},"author":1,"featured_media":4093,"comment_status":"open","ping_status":"open","sticky":false,"template":"","format":"standard","meta":[],"categories":[11],"tags":[109],"_links":{"self":[{"href":"http:\/\/blog.topinmobiliario.com\/index.php\/wp-json\/wp\/v2\/posts\/4092"}],"collection":[{"href":"http:\/\/blog.topinmobiliario.com\/index.php\/wp-json\/wp\/v2\/posts"}],"about":[{"href":"http:\/\/blog.topinmobiliario.com\/index.php\/wp-json\/wp\/v2\/types\/post"}],"author":[{"embeddable":true,"href":"http:\/\/blog.topinmobiliario.com\/index.php\/wp-json\/wp\/v2\/users\/1"}],"replies":[{"embeddable":true,"href":"http:\/\/blog.topinmobiliario.com\/index.php\/wp-json\/wp\/v2\/comments?post=4092"}],"version-history":[{"count":4,"href":"http:\/\/blog.topinmobiliario.com\/index.php\/wp-json\/wp\/v2\/posts\/4092\/revisions"}],"predecessor-version":[{"id":4096,"href":"http:\/\/blog.topinmobiliario.com\/index.php\/wp-json\/wp\/v2\/posts\/4092\/revisions\/4096"}],"wp:featuredmedia":[{"embeddable":true,"href":"http:\/\/blog.topinmobiliario.com\/index.php\/wp-json\/wp\/v2\/media\/4093"}],"wp:attachment":[{"href":"http:\/\/blog.topinmobiliario.com\/index.php\/wp-json\/wp\/v2\/media?parent=4092"}],"wp:term":[{"taxonomy":"category","embeddable":true,"href":"http:\/\/blog.topinmobiliario.com\/index.php\/wp-json\/wp\/v2\/categories?post=4092"},{"taxonomy":"post_tag","embeddable":true,"href":"http:\/\/blog.topinmobiliario.com\/index.php\/wp-json\/wp\/v2\/tags?post=4092"}],"curies":[{"name":"wp","href":"https:\/\/api.w.org\/{rel}","templated":true}]}}