{"id":4104,"date":"2011-11-30T20:26:27","date_gmt":"2011-11-30T20:26:27","guid":{"rendered":"http:\/\/blog.topinmobiliario.com\/?p=4104"},"modified":"2012-04-13T20:36:26","modified_gmt":"2012-04-13T20:36:26","slug":"el-san-martin-abre-el-telon","status":"publish","type":"post","link":"http:\/\/blog.topinmobiliario.com\/index.php\/el-san-martin-abre-el-telon\/","title":{"rendered":"El San Mart\u00edn abre el tel\u00f3n"},"content":{"rendered":"<p><strong>El nuevo frente deja ver el movimiento interior y honra a su autor, Mario Roberto Alvarez, fallecido el pasado 5 de noviembre<\/strong><\/p>\n<p><!--more-->La noticia del fallecimiento del arquitecto Mario Roberto Alvarez, el  s\u00e1bado 5 de noviembre, me sorprendi\u00f3 justo cuando estaba escribiendo  esta columna sobre la restauraci\u00f3n del frente del Teatro General San  Mart\u00edn, una de sus obras emblem\u00e1ticas.<\/p>\n<p>Alvarez fue uno de los  grandes maestros de la arquitectura moderna argentina. Entre sus obras  se destacan desde los centros sanitarios en el norte del pa\u00eds, edificios  deslumbrantes como Somisa, el hotel Hilton o la torre Madero Office en  Puerto Madero, hasta sus pol\u00e9micas opiniones urbanas: quer\u00eda pasar la  Autopista Ribere\u00f1a por el borde de la Reserva Ecol\u00f3gica y sacar la Villa  31.<\/p>\n<p>Por suerte alcanz\u00f3 a ver en vida (muri\u00f3 pocos d\u00edas antes de  cumplir 98 a\u00f1os) c\u00f3mo el Teatro San Mart\u00edn, que proyect\u00f3 junto a  Macedonio Oscar Ruiz (1953-60), renaci\u00f3 con todo su esplendor.<\/p>\n<p><img loading=\"lazy\" class=\"alignleft size-full wp-image-4105\" title=\"El San Mart\u00edn abre el tel\u00f3n\" src=\"http:\/\/blog.topinmobiliario.com\/wp-content\/uploads\/2011\/12\/Image12.jpg\" alt=\"\" width=\"748\" height=\"442\" srcset=\"http:\/\/blog.topinmobiliario.com\/wp-content\/uploads\/2011\/12\/Image12.jpg 748w, http:\/\/blog.topinmobiliario.com\/wp-content\/uploads\/2011\/12\/Image12-300x177.jpg 300w\" sizes=\"(max-width: 706px) 89vw, (max-width: 767px) 82vw, 740px\" \/>Hoy,  con las carpinter\u00edas renovadas y los halles bien iluminados, se pueden  apreciar el dibujo nervioso de sus escaleras, el volumen corpulento de  la sala Mart\u00edn Coronado y, al fondo, el inmenso y colorido mural de Juan  Batlle Planas. Pero adem\u00e1s, por primera vez, el San Mart\u00edn, ahora sin  sus cortinas originales, nos permite asistir a un espect\u00e1culo extra: el  movimiento de la gente en los halles o subiendo y bajando las escaleras.  Algo as\u00ed como sucede, valga la comparaci\u00f3n, con las escaleras mec\u00e1nicas  que dominan el frente del legendario Centro Pompidou.<\/p>\n<p>Tal vez  ya estemos acostumbrados, pero lo extra\u00f1o es que Alvarez y Ruiz  dise\u00f1aron un teatro cuyo frente es un edificio de oficinas. \u00bfLa  explicaci\u00f3n? Crear con ese cuerpo un colch\u00f3n ac\u00fastico que aisle al  teatro de los ruidos de la avenida Corrientes.<\/p>\n<p>Funcionalismo puro  y de la mejor cepa. As\u00ed pensaron estos maestros el Teatro San Mart\u00edn y  en consecuencia proyectaron su fachada con chapa de hierro y vidrio como  lo hac\u00edan en el mundo los arquitectos m\u00e1s avanzados del llamado  \u201cInternational Style\u201d. Pero la mala noticia lleg\u00f3 cuando el hierro  alert\u00f3 que no era para siempre. La carpinter\u00eda empez\u00f3 a deteriorase con  un imparable proceso de corrosi\u00f3n. Cuando se avecinaron los cambios  Alvarez sentenci\u00f3: \u201cEs bueno que una obra se modifique siempre y cuando  los cambios que se le realicen no afecten la imagen original del  edificio&#8230;\u201d.<\/p>\n<p>Primero intentaron reemplazar la carpinter\u00eda con un  frente de aluminio, pero la dimensi\u00f3n de los perfiles no permit\u00eda  seguir el dibujo original de la fachada. Lo que s\u00ed consiguieron con  carpinter\u00eda de acero inoxidable pintado.<\/p>\n<p>Gonzalo Etchegorry fue  uno de los responsables de la obra. De repente me acord\u00e9 que lo conoc\u00ed  a\u00f1os atr\u00e1s cuando le publicamos un trabajo en la secci\u00f3n El taller de la  facultad, del suplemento Arquitectura. Recuerdo que a ra\u00edz de su  proyecto conversamos sobre c\u00f3mo el movimiento de la gente pod\u00eda  convertirse en un enriquecedor material de la arquitectura. Supuse, no  sin cierta vanidad, que algo de esa charla y tambi\u00e9n las nuevas  tecnolog\u00edas hab\u00edan posibilitado evitar las cortinas que tapaban el  interior. Sin embargo cuando intent\u00e9 confirmar mi hip\u00f3tesis, Etchegorry  simplemente me contest\u00f3: \u201cNo las pusieron por falta de presupuesto\u201d.  Cuando las pongan, ojal\u00e1 las dejen abiertas, aunque sea en las funciones  de noche.<\/p>\n<p><strong>Berto Gonz\u00e1lez Montaner, 14 de noviembre de 2011.<br \/>\nPublicado por Clar\u00edn.<\/strong><\/p>\n","protected":false},"excerpt":{"rendered":"<p>El nuevo frente deja ver el movimiento interior y honra a su autor, Mario Roberto Alvarez, fallecido el pasado 5 de noviembre<\/p>\n","protected":false},"author":1,"featured_media":4105,"comment_status":"open","ping_status":"open","sticky":false,"template":"","format":"standard","meta":[],"categories":[124,5],"tags":[],"_links":{"self":[{"href":"http:\/\/blog.topinmobiliario.com\/index.php\/wp-json\/wp\/v2\/posts\/4104"}],"collection":[{"href":"http:\/\/blog.topinmobiliario.com\/index.php\/wp-json\/wp\/v2\/posts"}],"about":[{"href":"http:\/\/blog.topinmobiliario.com\/index.php\/wp-json\/wp\/v2\/types\/post"}],"author":[{"embeddable":true,"href":"http:\/\/blog.topinmobiliario.com\/index.php\/wp-json\/wp\/v2\/users\/1"}],"replies":[{"embeddable":true,"href":"http:\/\/blog.topinmobiliario.com\/index.php\/wp-json\/wp\/v2\/comments?post=4104"}],"version-history":[{"count":2,"href":"http:\/\/blog.topinmobiliario.com\/index.php\/wp-json\/wp\/v2\/posts\/4104\/revisions"}],"predecessor-version":[{"id":4107,"href":"http:\/\/blog.topinmobiliario.com\/index.php\/wp-json\/wp\/v2\/posts\/4104\/revisions\/4107"}],"wp:featuredmedia":[{"embeddable":true,"href":"http:\/\/blog.topinmobiliario.com\/index.php\/wp-json\/wp\/v2\/media\/4105"}],"wp:attachment":[{"href":"http:\/\/blog.topinmobiliario.com\/index.php\/wp-json\/wp\/v2\/media?parent=4104"}],"wp:term":[{"taxonomy":"category","embeddable":true,"href":"http:\/\/blog.topinmobiliario.com\/index.php\/wp-json\/wp\/v2\/categories?post=4104"},{"taxonomy":"post_tag","embeddable":true,"href":"http:\/\/blog.topinmobiliario.com\/index.php\/wp-json\/wp\/v2\/tags?post=4104"}],"curies":[{"name":"wp","href":"https:\/\/api.w.org\/{rel}","templated":true}]}}