{"id":6343,"date":"2013-10-07T14:10:02","date_gmt":"2013-10-07T17:10:02","guid":{"rendered":"http:\/\/blog.topinmobiliario.com\/?p=6343"},"modified":"2013-10-16T18:13:33","modified_gmt":"2013-10-16T21:13:33","slug":"demanda-y-precios-estables","status":"publish","type":"post","link":"http:\/\/blog.topinmobiliario.com\/index.php\/demanda-y-precios-estables\/","title":{"rendered":"Demanda y precios estables"},"content":{"rendered":"<p><strong>En el microcentro, el valor de los edificios premium cotiza entre 20 y 23 d\u00f3lares por m2.<\/strong><\/p>\n<p>Los edificios de oficinas del microcentro porte\u00f1o  parecen estar ajenos a las restricciones del mercado. De hecho, los  especialistas del sector comentan que este rubro presenta buena demanda y  que la problem\u00e1tica que sufre gira en torno de la ca\u00edda de algunos  mercados de la econom\u00eda que han hecho que muchas empresas reduzcan sus  espacios.<!--more--><\/p>\n<p>A estos aspectos hay que sumar la descentralizaci\u00f3n, ya  que muchas compa\u00f1\u00edas se alejaron de la zona para irse a otros puntos  donde no hay tantos cortes de calles y accesos que impiden el normal  desenvolvimiento de los que trabajan en los inmuebles. Muchos  privilegiaron la zona norte, otros la sur y la oeste.<\/p>\n<p>Mariana Stange, directora de la divisi\u00f3n oficinas de L.  J. Ramos Brokers Inmobiliarios, precis\u00f3: &#8220;El mercado en general en  Buenos Aires muestra una vacancia con crecimiento positivo, aunque muy  lento. Esto ante una demanda que mantiene su velocidad nos da una  tendencia de valores hacia la baja. Sin embargo, el decrecimiento de los  valores a\u00fan no se percibe en los precios solicitados, sino en las  negociaciones y a la hora de sellar los contratos&#8221;.<\/p>\n<p>Y ampli\u00f3: &#8220;El microcentro se encuentra revitalizado por  las obras de infraestructura y la peatonalizaci\u00f3n de las calles que  impuls\u00f3 el actual gobierno porte\u00f1o entre Carlos Pellegrini y el Bajo.  Los locales gastron\u00f3micos suman atractivo y los edificios -ya sea de  principios del siglo XX o posteriores- adquieren ahora visibilidad. El  mercado de oficinas, sin embargo, no mostr\u00f3 variantes en su ritmo  cotidiano debido a estos cambios&#8221;.<\/p>\n<p>Alberto Garc\u00eda Hamilton, operador comercial de Toribio  Ach\u00e1val, explic\u00f3: &#8220;En t\u00e9rminos generales es una zona que sufre los  avatares que el resto del mercado inmobiliario. Puntualmente hay  disponibilidad de superficie y competencia. Los precios est\u00e1n bajos y la  disponibilidad de los locadores para acordar es buena&#8221;.<\/p>\n<p>Pero el microcentro es uno de los m\u00e1s castigados en  cuanto a los cortes de calles y avenidas por las protestas. &#8220;Esta  situaci\u00f3n, m\u00e1s la principal amenaza de la zona, que es la congesti\u00f3n del  tr\u00e1nsito ya no acotada a las horas pico, sino pr\u00e1cticamente al d\u00eda  entero, gener\u00f3 que muchas empresas se muden a otros destinos&#8221;, coment\u00f3  Francisco Spini, broker de L. J. Ramos.<\/p>\n<figure id=\"attachment_6344\" aria-describedby=\"caption-attachment-6344\" style=\"width: 514px\" class=\"wp-caption aligncenter\"><img loading=\"lazy\" class=\"size-full wp-image-6344  \" title=\"Demanda y precios estables\" src=\"http:\/\/blog.topinmobiliario.com\/wp-content\/uploads\/2013\/09\/1772069.jpg\" alt=\"\" width=\"514\" height=\"408\" srcset=\"http:\/\/blog.topinmobiliario.com\/wp-content\/uploads\/2013\/09\/1772069.jpg 1339w, http:\/\/blog.topinmobiliario.com\/wp-content\/uploads\/2013\/09\/1772069-300x237.jpg 300w, http:\/\/blog.topinmobiliario.com\/wp-content\/uploads\/2013\/09\/1772069-1024x811.jpg 1024w\" sizes=\"(max-width: 514px) 100vw, 514px\" \/><figcaption id=\"caption-attachment-6344\" class=\"wp-caption-text\">El tr\u00e1nsito peatonal, protagonista en este tramo porte\u00f1o. Foto: LA NACION \/ Maxie Amena<\/figcaption><\/figure>\n<p style=\"text-align: center;\">\n<p>En cuanto a la demanda, Spini dijo: &#8220;No vari\u00f3 el tipo  de empresas que busca la zona, se trata en general de compa\u00f1\u00edas  nacionales. Podemos agruparlas en las de servicios, las tecnol\u00f3gicas y  los estudios profesionales&#8221;.<\/p>\n<p>Seg\u00fan los \u00edndices de esta empresa, la vacancia del  segmento de los edificios premium es de s\u00f3lo el 1%. En tanto que  Colliers International difiere un poco, y revela que la vacancia dentro  del segmento A+ y A es equivalente a un 5,3% representando unos 11.000  m2 libres.<\/p>\n<p>Sobre las que buscan estar en el microcentro, Juan  Manuel Farola, broker senior de oficinas de Colliers, precis\u00f3: &#8220;Hay  determinadas industrias que van a continuar validando este submercado,  dada la din\u00e1mica propia de su actividad, como firmas profesionales  (reconocidos estudios jur\u00eddicos), entidades financieras, compa\u00f1\u00edas de  seguros, consultoras internacionales (auditor\u00eda, contabilidad e  impuestos), entre otros. La oferta de edificios A+ y A alcanza al 15%  del inventario total, siendo un sector donde predominan las oficinas  tipo B y los estudios profesionales.<\/p>\n<p>Sobre si hay proyectos de edificios de oficinas nuevos  en la zona, Gonzalo Armendariz, de Javier Lobo Soluciones Inmobiliarias,  dijo: &#8220;Los proyectos de edificios son los que renovar\u00e1n la zona de  Catalinas (la torre de Consultatio, la de IRSA y la del Banco Macro)  sumados al reciclado de algunos edificios. Mientras que las calles m\u00e1s  solicitadas son Reconquista y la avenida Alem para el lado de plaza San  Mart\u00edn&#8221;.<\/p>\n<p>Por\u00a0<strong>Jos\u00e9 Luis Cieri<\/strong>, Lunes 23 de septiembre de 2013<br \/>\npara el suplemento <strong>Inmuebles Comerciales e Industriales<\/strong> del diario <strong>LA NACION<\/strong><\/p>\n","protected":false},"excerpt":{"rendered":"<p>En el microcentro, el valor de los edificios premium cotiza entre 20 y 23 d\u00f3lares por m2. Los edificios de oficinas del microcentro porte\u00f1o parecen estar ajenos a las restricciones del mercado. De hecho, los especialistas del sector comentan que este rubro presenta buena demanda y que la problem\u00e1tica que sufre gira en torno de &hellip; <\/p>\n<p class=\"link-more\"><a href=\"http:\/\/blog.topinmobiliario.com\/index.php\/demanda-y-precios-estables\/\" class=\"more-link\">Segu\u00ed leyendo<span class=\"screen-reader-text\"> &#8220;Demanda y precios estables&#8221;<\/span><\/a><\/p>\n","protected":false},"author":1,"featured_media":6344,"comment_status":"open","ping_status":"open","sticky":false,"template":"","format":"standard","meta":[],"categories":[133,5],"tags":[130,240,21],"_links":{"self":[{"href":"http:\/\/blog.topinmobiliario.com\/index.php\/wp-json\/wp\/v2\/posts\/6343"}],"collection":[{"href":"http:\/\/blog.topinmobiliario.com\/index.php\/wp-json\/wp\/v2\/posts"}],"about":[{"href":"http:\/\/blog.topinmobiliario.com\/index.php\/wp-json\/wp\/v2\/types\/post"}],"author":[{"embeddable":true,"href":"http:\/\/blog.topinmobiliario.com\/index.php\/wp-json\/wp\/v2\/users\/1"}],"replies":[{"embeddable":true,"href":"http:\/\/blog.topinmobiliario.com\/index.php\/wp-json\/wp\/v2\/comments?post=6343"}],"version-history":[{"count":8,"href":"http:\/\/blog.topinmobiliario.com\/index.php\/wp-json\/wp\/v2\/posts\/6343\/revisions"}],"predecessor-version":[{"id":6450,"href":"http:\/\/blog.topinmobiliario.com\/index.php\/wp-json\/wp\/v2\/posts\/6343\/revisions\/6450"}],"wp:featuredmedia":[{"embeddable":true,"href":"http:\/\/blog.topinmobiliario.com\/index.php\/wp-json\/wp\/v2\/media\/6344"}],"wp:attachment":[{"href":"http:\/\/blog.topinmobiliario.com\/index.php\/wp-json\/wp\/v2\/media?parent=6343"}],"wp:term":[{"taxonomy":"category","embeddable":true,"href":"http:\/\/blog.topinmobiliario.com\/index.php\/wp-json\/wp\/v2\/categories?post=6343"},{"taxonomy":"post_tag","embeddable":true,"href":"http:\/\/blog.topinmobiliario.com\/index.php\/wp-json\/wp\/v2\/tags?post=6343"}],"curies":[{"name":"wp","href":"https:\/\/api.w.org\/{rel}","templated":true}]}}