{"id":7012,"date":"2014-08-29T10:02:26","date_gmt":"2014-08-29T13:02:26","guid":{"rendered":"http:\/\/blog.topinmobiliario.com\/?p=7012"},"modified":"2014-08-29T10:06:45","modified_gmt":"2014-08-29T13:06:45","slug":"centro-de-convenciones-moderno-proyecto-para-la-ciudad","status":"publish","type":"post","link":"http:\/\/blog.topinmobiliario.com\/index.php\/centro-de-convenciones-moderno-proyecto-para-la-ciudad\/","title":{"rendered":"Centro de Convenciones &#8211; Moderno proyecto para la ciudad"},"content":{"rendered":"<p><strong>La obra que contar\u00e1 con 21.000 metros cuadrados llevar\u00e1 el sello del arquitecto Edgardo Minond y permitir\u00e1 recibir unas 5000 personas.<\/strong><\/p>\n<p>La Uni\u00f3n Transitoria de Empresas (UTE) integrada por Criba SA y Mejores Hospitales SA, tras ganar la licitaci\u00f3n p\u00fablica N\u00b0 2594\/13 del GCBA, inici\u00f3 la construcci\u00f3n del nuevo Parque y Centro de Exposiciones y Convenciones de la Ciudad (CEC).<\/p>\n<p>En el predio entre el Parque Thays y la plaza Federativa de Brasil, pr\u00f3ximo a la Facultad de Derecho, est\u00e1 por finalizar la etapa de desactivaci\u00f3n y demolici\u00f3n del antiguo Centro Municipal de Exposiciones (un galp\u00f3n de 20.000 m2). All\u00ed se realizar\u00e1 el proyecto del arquitecto Edgardo Minond, ganador del concurso hecho por la Sociedad Central de Arquitectos y el Ministerio de Desarrollo Urbano de la CABA, que se destac\u00f3 por no generar un impacto negativo en el paisaje y por su dise\u00f1o mediante un volumen bajo nivel. Esto permite que la plaza se mantenga por encima de la cubierta y conecte el Parque Thays con la plaza Federativa de Brasil, la plaza de las Naciones Unidas y el entorno a la Facultad de Derecho.<\/p>\n<p>&#8220;Este Centro de Convenciones es necesario porque la ciudad es una de las preferidas para realizar convenciones de gran magnitud y no exist\u00eda un lugar como alternativa para tal fin, que recibir\u00e1 a m\u00e1s de 5000 personas. Vamos a conquistar ese mercado, atraerlo desde el exterior para trabajar las convenciones en la ciudad y potenciar la muy buena hoteler\u00eda, gastronom\u00eda, turismo, actividades y servicios que se ofrecen en la ciudad. El monto total de obra es de 336 millones de pesos y en 2015 se podr\u00e1n concretar los primeros usos del lugar&#8221;, coment\u00f3 el ministro de Desarrollo Urbano, Daniel Chain.<!--more--><\/p>\n<p>Se estima que por cada turista que llega, en este caso para las convenciones, existen tres empleos asociados de diferentes rubros. Del proyecto participaron los vecinos en el tramo inicial y luego fue debatido en la Legislatura. Tendr\u00e1 cuatro etapas: la construcci\u00f3n del CEC; el equipamiento, mobiliario y la tecnolog\u00eda (audio, video y luminaria), que lo realizar\u00e1 quien asuma el manejo gerencial y es r\u00e1pidamente amortizable; el estacionamiento subterr\u00e1neo (dos playas de 450 espacios cada una) que se licitar\u00e1 y la finalizaci\u00f3n de la l\u00ednea H del subte estaci\u00f3n plaza Francia, que terminar\u00e1 en la puerta de ese centro. Esto es de gran importancia ya que por d\u00eda concurren a la zona 20.000 personas (alumnos y visitantes a los espacios culturales) m\u00e1s la poblaci\u00f3n existente.<\/p>\n<figure id=\"attachment_7013\" aria-describedby=\"caption-attachment-7013\" style=\"width: 300px\" class=\"wp-caption aligncenter\"><a href=\"http:\/\/blog.topinmobiliario.com\/wp-content\/uploads\/2014\/08\/centro.jpg\"><img loading=\"lazy\" class=\"size-full wp-image-7013\" title=\"Moderno proyecto para la ciudad\" src=\"http:\/\/blog.topinmobiliario.com\/wp-content\/uploads\/2014\/08\/centro.jpg\" alt=\"\" width=\"300\" height=\"214\" \/><\/a><figcaption id=\"caption-attachment-7013\" class=\"wp-caption-text\">La inversi\u00f3n superar\u00e1 los 336 millones de pesos.<\/figcaption><\/figure>\n<p><strong>Caracter\u00edsticas<\/strong><\/p>\n<p>&#8220;El CEC tendr\u00e1 un foyer (el \u00e1rea m\u00e1s p\u00fablica, de 2200 m2, vinculada con la plaza de acceso), una sala principal y salas menores. El edificio de 21.000 m2 se desarrollar\u00e1 en 3 niveles, desde el nivel -7 m hasta el +0,35\/+1,20, y una cota m\u00e1xima de cubierta verde a +7,55 m. La entrada ser\u00e1 por la calle Eduardo Couture, mediante una explanada que lleva al nivel de ingreso (-3,25 m), donde estar\u00e1n las boleter\u00edas, el bar, el hall principal y las escaleras mec\u00e1nicas que bajar\u00e1n al foyer. La sala de convenciones y exposiciones estar\u00e1 conformada por un espacio de 112 x 40 metros, de 10 metros libres de altura interior que puede dividirse en tres subespacios. El proyecto se complementa con salas auxiliares, \u00e1reas de dep\u00f3sito y un sector de oficinas. Y es relevante la inclusi\u00f3n de una terminal de carga y descarga de materiales, y una terminal de transporte p\u00fablico a diferentes niveles&#8221;, dijo la gerente de Obra de Criba, Roxana Scianca.<\/p>\n<p>Seg\u00fan la representante, la estructura de hormig\u00f3n se destaca como rasgo distintivo del edificio, con p\u00f3rticos con luces de 40 m y 14 m de altura. Esta estructura queda a la vista y el hormig\u00f3n tiene gran impacto sobre la imagen del edificio, complement\u00e1ndose con muros de bloques de cemento, pisos de pavimento de hormig\u00f3n y mosaicos gran\u00edticos. Y se instalar\u00e1n paneles solares y grandes reservorios de agua de lluvia.<\/p>\n<p>&#8220;Es un orgullo para Criba formar parte de este proyecto por la satisfacci\u00f3n de brindar soluciones creativas y de calidad a las demandas propias de tiempos limitados de ejecuci\u00f3n, y a largo plazo por lo que representar\u00e1 ese edificio para la ciudad de Buenos Aires&#8221; dijo la representante.<\/p>\n<p>Entre las obras que Criba construye est\u00e1n la Sede Corporativa del Banco Ciudad; las oficinas de la empresa SKF, edificio que apunta a certificar en la categor\u00eda Gold de las normas LEED, y el centro comercial El Cubo. Su plantel de operarios propios es de 1000 personas junto con un equipo de profesionales, t\u00e9cnicos y administrativos de alta capacitaci\u00f3n y equipamiento de \u00faltima generaci\u00f3n.<\/p>\n<p>Por <strong>Patricia Osuna Guti\u00e9rrez<\/strong><strong>,<\/strong> Lunes 28 de julio de 2014<\/p>\n<p>Publicado en el suplemento\u00a0<strong>Inmuebles Comerciales <\/strong>del diario\u00a0<strong>LA NACION<\/strong><\/p>\n","protected":false},"excerpt":{"rendered":"<p>La obra que contar\u00e1 con 21.000 metros cuadrados llevar\u00e1 el sello del arquitecto Edgardo Minond y permitir\u00e1 recibir unas 5000 personas. La Uni\u00f3n Transitoria de Empresas (UTE) integrada por Criba SA y Mejores Hospitales SA, tras ganar la licitaci\u00f3n p\u00fablica N\u00b0 2594\/13 del GCBA, inici\u00f3 la construcci\u00f3n del nuevo Parque y Centro de Exposiciones y &hellip; <\/p>\n<p class=\"link-more\"><a href=\"http:\/\/blog.topinmobiliario.com\/index.php\/centro-de-convenciones-moderno-proyecto-para-la-ciudad\/\" class=\"more-link\">Segu\u00ed leyendo<span class=\"screen-reader-text\"> &#8220;Centro de Convenciones &#8211; Moderno proyecto para la ciudad&#8221;<\/span><\/a><\/p>\n","protected":false},"author":1,"featured_media":7013,"comment_status":"open","ping_status":"open","sticky":false,"template":"","format":"standard","meta":[],"categories":[269,5],"tags":[],"_links":{"self":[{"href":"http:\/\/blog.topinmobiliario.com\/index.php\/wp-json\/wp\/v2\/posts\/7012"}],"collection":[{"href":"http:\/\/blog.topinmobiliario.com\/index.php\/wp-json\/wp\/v2\/posts"}],"about":[{"href":"http:\/\/blog.topinmobiliario.com\/index.php\/wp-json\/wp\/v2\/types\/post"}],"author":[{"embeddable":true,"href":"http:\/\/blog.topinmobiliario.com\/index.php\/wp-json\/wp\/v2\/users\/1"}],"replies":[{"embeddable":true,"href":"http:\/\/blog.topinmobiliario.com\/index.php\/wp-json\/wp\/v2\/comments?post=7012"}],"version-history":[{"count":4,"href":"http:\/\/blog.topinmobiliario.com\/index.php\/wp-json\/wp\/v2\/posts\/7012\/revisions"}],"predecessor-version":[{"id":7016,"href":"http:\/\/blog.topinmobiliario.com\/index.php\/wp-json\/wp\/v2\/posts\/7012\/revisions\/7016"}],"wp:featuredmedia":[{"embeddable":true,"href":"http:\/\/blog.topinmobiliario.com\/index.php\/wp-json\/wp\/v2\/media\/7013"}],"wp:attachment":[{"href":"http:\/\/blog.topinmobiliario.com\/index.php\/wp-json\/wp\/v2\/media?parent=7012"}],"wp:term":[{"taxonomy":"category","embeddable":true,"href":"http:\/\/blog.topinmobiliario.com\/index.php\/wp-json\/wp\/v2\/categories?post=7012"},{"taxonomy":"post_tag","embeddable":true,"href":"http:\/\/blog.topinmobiliario.com\/index.php\/wp-json\/wp\/v2\/tags?post=7012"}],"curies":[{"name":"wp","href":"https:\/\/api.w.org\/{rel}","templated":true}]}}